[{"@context":"https:\/\/schema.org\/","@type":"Article","@id":"https:\/\/www.airkiss.cz\/bily-nabytek-jako-trefa-do-cerneho\/#Article","mainEntityOfPage":"https:\/\/www.airkiss.cz\/bily-nabytek-jako-trefa-do-cerneho\/","headline":"B\u00edl\u00fd n\u00e1bytek jako trefa do \u010dern\u00e9ho","name":"B\u00edl\u00fd n\u00e1bytek jako trefa do \u010dern\u00e9ho","description":"Jestli si pl\u00e1nujete v nejbli\u017e\u0161\u00ed dob\u011b za\u010d\u00edt rekonstruovat v\u00e1\u0161 interi\u00e9r, a\u0165 u\u017e v dom\u011b nebo men\u0161\u00edm byt\u011b, je pot\u0159eba dob\u0159e si promyslet to, jak chcete, aby v\u00e1\u0161 domov vypadal. V p\u0159\u00edpad\u011b, \u017ee ned\u00e1v\u00e1te p\u0159ednost extravaganci a m\u00e1te naopak r\u00e1di jednoduchost a sou\u010dasn\u011b luxus, nev\u00e1hejte si zvolit pro v\u00e1\u0161 domov b\u00edlou","datePublished":"2019-03-16","dateModified":"2023-05-09","author":{"@type":"Person","@id":"https:\/\/www.airkiss.cz\/author\/#Person","name":"","url":"https:\/\/www.airkiss.cz\/author\/","identifier":1,"image":{"@type":"ImageObject","@id":"https:\/\/secure.gravatar.com\/avatar\/c4e504508c75b610a351629e223ddd0c5b7858df84b2b7deedc4e007bdf99fc8?s=96&d=mm&r=g","url":"https:\/\/secure.gravatar.com\/avatar\/c4e504508c75b610a351629e223ddd0c5b7858df84b2b7deedc4e007bdf99fc8?s=96&d=mm&r=g","height":96,"width":96}},"publisher":{"@type":"Organization","name":"airkiss.cz","logo":{"@type":"ImageObject","@id":"\/logo.png","url":"\/logo.png","width":600,"height":60}},"image":{"@type":"ImageObject","@id":"https:\/\/www.airkiss.cz\/wp-content\/uploads\/img_a342187_w1724_t1555067676.jpg","url":"https:\/\/www.airkiss.cz\/wp-content\/uploads\/img_a342187_w1724_t1555067676.jpg","height":0,"width":0},"url":"https:\/\/www.airkiss.cz\/bily-nabytek-jako-trefa-do-cerneho\/","about":["Produkty"],"wordCount":448,"articleBody":"    Jestli si pl\u00e1nujete v nejbli\u017e\u0161\u00ed dob\u011b za\u010d\u00edt rekonstruovat v\u00e1\u0161 interi\u00e9r, a\u0165 u\u017e v dom\u011b nebo men\u0161\u00edm byt\u011b, je pot\u0159eba dob\u0159e si promyslet to, jak chcete, aby v\u00e1\u0161 domov vypadal. V p\u0159\u00edpad\u011b, \u017ee ned\u00e1v\u00e1te p\u0159ednost extravaganci a m\u00e1te naopak r\u00e1di jednoduchost a sou\u010dasn\u011b luxus, nev\u00e1hejte si zvolit pro v\u00e1\u0161 domov b\u00edlou barvu. Ta je nesm\u00edrn\u011b trendy, dod\u00e1 va\u0161emu interi\u00e9ru \u00farove\u0148 a nikdy s n\u00ed nic nezkaz\u00edte. A za\u010dn\u011bte t\u00edm, \u017ee si po\u0159\u00edd\u00edte b\u00edl\u00fd n\u00e1bytek...1V\u0161echno b\u00edle \u2013 v\u0161echno luxusn\u00ed Nen\u00ed pot\u0159eba zd\u016fraznit, jak je tato zcela oby\u010dejn\u00e1 barva natolik l\u00e1kav\u00e1, \u017ee s n\u00ed ve va\u0161em interi\u00e9ru nemus\u00edte \u0161et\u0159it. D\u00edky b\u00edl\u00e9mu d\u0159ev\u011bn\u00e9mu n\u00e1bytku z masivu si m\u016f\u017eete b\u00fdt jist\u00ed, \u017ee v\u00e1\u0161 domov se provzdu\u0161n\u00ed, zna\u010dn\u011bprosv\u011btl\u00ed a bude p\u016fsobit v\u017edy \u010dist\u011b. V sou\u010dasn\u00e9 dob\u011b se d\u00e1v\u00e1 p\u0159ednost sv\u011btlej\u0161\u00edmu n\u00e1bytku, aby se v\u0161echny dopl\u0148ky pak mohly doladit do syt\u011bj\u0161\u00edch odst\u00edn\u016f. Vyberte si tedy i vy z nab\u00eddky, kter\u00e1 je pestr\u00e1 a v\u00e1\u0161 domov za\u0159\u00edd\u00edte do ka\u017ed\u00e9ho detailu. \u25aaPOSTELE Z\u00fatulnit va\u0161i m\u00edstnost ur\u010denou pro span\u00ed, m\u016f\u017eete i d\u00edky v\u00fdb\u011bru vhodn\u00e9 postele. Eleganci a sou\u010dasn\u011b i p\u0159\u00edjemn\u00e9 prost\u0159ed\u00ed v lo\u017enici nebo d\u011btsk\u00e9m pokoj\u00ed\u010dku, v\u00e1m m\u016f\u017ee p\u0159in\u00e9st pr\u00e1v\u011b ta b\u00edl\u00e1. A\u0165 u\u017e se bude jednat o man\u017eelskou nebo patrovou pro d\u011bti, v obou p\u0159\u00edpadech to bude vkusn\u00e9 \u0159e\u0161en\u00ed, se kter\u00fdm budete spokojeni. \u25aaKOMODY A \u0160ATN\u00cd SK\u0158\u00cdN\u011a Bez \u00falo\u017en\u00e9ho prostoru bychom se doma neobe\u0161li. Jeliko\u017e se najde v\u017edy dostatek v\u011bc\u00ed nebo oble\u010den\u00ed, kter\u00e9 je pot\u0159eba n\u011bkam ulo\u017eit a schovat ho p\u0159ed zv\u011bdav\u00fdmi pohledy, b\u00e1je\u010dnou variantou pro v\u00e1s m\u016f\u017ee b\u00fdt na\u0161e \u0161irok\u00e1 nab\u00eddka b\u00edl\u00fdch komod nebo \u0161atn\u00edch sk\u0159\u00edn\u00ed. \u25aaPSAC\u00cd ST\u016eL V\u011bt\u0161\u00ed d\u011bti ocen\u00ed v jejich pokoj\u00ed\u010dku i tak nezbytnou \u010d\u00e1st n\u00e1bytku, jak\u00fdm je psac\u00ed st\u016fl. Pokud je je\u0161t\u011b vyroben\u00fd z odoln\u00e9ho masivn\u00edho d\u0159eva, nem\u011bli byste dlouho v\u00e1hat nad jeho v\u00fdb\u011brem. Zvolte si naopak takov\u00fd, o kter\u00e9m si m\u016f\u017eete b\u00fdt jist\u00ed, \u017ee je kvalitn\u00ed a v n\u011b\u017en\u00e9 barv\u011b je\u0161t\u011b i fantastick\u00fdm dopl\u0148kem do d\u011btsk\u00e9ho pokoje.                                                                                                                                                                                                                                                                                                                                                                                         4.3\/5 - (13 votes)        "},{"@context":"https:\/\/schema.org\/","@type":"BreadcrumbList","itemListElement":[{"@type":"ListItem","position":1,"name":"B\u00edl\u00fd n\u00e1bytek jako trefa do \u010dern\u00e9ho","item":"https:\/\/www.airkiss.cz\/bily-nabytek-jako-trefa-do-cerneho\/#breadcrumbitem"}]}]