[{"@context":"https:\/\/schema.org\/","@type":"Article","@id":"https:\/\/www.airkiss.cz\/hc-dynamo-se-chce-zmenit\/#Article","mainEntityOfPage":"https:\/\/www.airkiss.cz\/hc-dynamo-se-chce-zmenit\/","headline":"HC Dynamo se chce zm\u011bnit!","name":"HC Dynamo se chce zm\u011bnit!","description":"Gener\u00e1ln\u00ed mana\u017eer pardubick\u00e9ho hokejov\u00e9ho klubu HC Dynamo, uzn\u00e1van\u00fd \u010desk\u00fd brank\u00e1\u0159, Du\u0161an Salfick\u00fd se pro zat\u00edm udr\u017eel na pozici gener\u00e1ln\u00edho mana\u017eera a d\u00e1l povede klub. Sez\u00f3na pro pardubick\u00fd hokej byla p\u0159\u00edmo tragick\u00e1, tak\u017ee bylo jasn\u00e9, \u017ee se n\u011bco mus\u00ed zm\u011bnit. Dozor\u010d\u00ed rada klubu tak sice neodvolala Du\u0161ana Salfick\u00e9ho, ale provedla jin\u00e9","datePublished":"2019-05-03","dateModified":"2023-05-09","author":{"@type":"Person","@id":"https:\/\/www.airkiss.cz\/author\/#Person","name":"","url":"https:\/\/www.airkiss.cz\/author\/","identifier":1,"image":{"@type":"ImageObject","@id":"https:\/\/secure.gravatar.com\/avatar\/c4e504508c75b610a351629e223ddd0c5b7858df84b2b7deedc4e007bdf99fc8?s=96&d=mm&r=g","url":"https:\/\/secure.gravatar.com\/avatar\/c4e504508c75b610a351629e223ddd0c5b7858df84b2b7deedc4e007bdf99fc8?s=96&d=mm&r=g","height":96,"width":96}},"publisher":{"@type":"Organization","name":"airkiss.cz","logo":{"@type":"ImageObject","@id":"\/logo.png","url":"\/logo.png","width":600,"height":60}},"image":{"@type":"ImageObject","@id":"https:\/\/www.airkiss.cz\/wp-content\/uploads\/img_a345483_w2260_t1559158978.jpg","url":"https:\/\/www.airkiss.cz\/wp-content\/uploads\/img_a345483_w2260_t1559158978.jpg","height":0,"width":0},"url":"https:\/\/www.airkiss.cz\/hc-dynamo-se-chce-zmenit\/","wordCount":448,"articleBody":"Gener\u00e1ln\u00ed mana\u017eer pardubick\u00e9ho hokejov\u00e9ho klubu HC Dynamo, uzn\u00e1van\u00fd \u010desk\u00fd brank\u00e1\u0159, Du\u0161an Salfick\u00fd se pro zat\u00edm udr\u017eel na pozici gener\u00e1ln\u00edho mana\u017eera a d\u00e1l povede klub. Sez\u00f3na pro pardubick\u00fd hokej byla p\u0159\u00edmo tragick\u00e1, tak\u017ee bylo jasn\u00e9, \u017ee se n\u011bco mus\u00ed zm\u011bnit. Dozor\u010d\u00ed rada klubu tak sice neodvolala Du\u0161ana Salfick\u00e9ho, ale provedla jin\u00e9 zm\u011bny, kter\u00e9 budou m\u00edt pro klub snad zcela z\u00e1sadn\u00ed dopady.\tI kdy\u017e se Pardubice nakonec v extralize udr\u017eely, dozor\u010d\u00ed rada p\u0159i sv\u00e9m jedn\u00e1n\u00ed v\u0161emi \u0161esti hlasy schv\u00e1lila t\u0159et\u00edho \u010dlena p\u0159edstavenstva, kter\u00fdm se stal Martin S\u00fdkora, kter\u00fd do t\u00e9to doby zast\u00e1val pouze funkci mana\u017eera vztah\u016f s ve\u0159ejnost\u00ed za spol\u010denost Elektr\u00e1rny Opatovice, a.s.\tDozor\u010d\u00ed rada d\u00e1le uvedla, \u017ee by m\u011bl b\u00fdt pan S\u00fdkora bez zbyte\u010dn\u00e9ho odkladu zvolen do funkce p\u0159edsedy p\u0159edstavenstva HC Dynamo. V prohl\u00e1\u0161en\u00ed je tedy jasn\u011b stanoveno, \u017ee by m\u011bl vyst\u0159\u00eddat v t\u00e9to funkci dosavadn\u00edho p\u0159edsedu, tedy pr\u00e1v\u011b Du\u0161ana Salfick\u00e9ho.\tDlouhodob\u00e9 hled\u00e1n\u00ed nov\u00e9ho sportovn\u00edho mana\u017eera pro Dynamo st\u00e1le trv\u00e1. Tento \u010dlov\u011bk by pak m\u011bl b\u00fdt k ruce gener\u00e1ln\u00edmu mana\u017eerovi Salfick\u00e9mu. Dozor\u010d\u00ed rada na tuto pozici doporu\u010dila Jarom\u00edra Kverka, kter\u00fd p\u016fsobil do t\u00e9to doby jako sportovn\u00ed mana\u017eer v HC Energie Karlovy Vary.\tHlavn\u00edm tren\u00e9rem tak zvan\u00e9ho \u00e1\u010dka by i v dal\u0161\u00ed sez\u00f3n\u011b m\u011bl pak z\u016fstat Ladislav Lubina.\t\tNed\u00e1vno zvolen\u00fd p\u0159edseda dozor\u010d\u00ed rady Ivan \u0160ubrt d\u00e1le po jedn\u00e1n\u00ed dle dostupn\u00fdch zdroj\u016f uvedl, \u017ee na dal\u0161\u00edm setk\u00e1n\u00ed dozor\u010d\u00ed rady by m\u011blo p\u0159edstavenstvo spole\u010dnosti p\u0159edstavit zm\u011bny v hr\u00e1\u010dsk\u00e9 sestav\u011b, zm\u011bny v ekonomice klubu a samoz\u0159ejm\u011b zcela novou organiza\u010dn\u00ed strukturu cel\u00e9 spole\u010dnosti. Mimo jin\u00e9 by m\u011bl b\u00fdt zve\u0159ejn\u011bn nov\u00fd etick\u00fd kodex, kter\u00fd by m\u011bl uchr\u00e1nit p\u0159ed excesy, se kter\u00fdmi se Dynamo pot\u00fdkalo v leto\u0161n\u00ed sezon\u011b. Mezi nejprob\u00edran\u011bj\u0161\u00edmi nap\u0159\u00edklad drogov\u00e1 af\u00e9ra hr\u00e1\u010de \u00e1\u010dka, nehoda opil\u00e9ho tren\u00e9ra brank\u00e1\u0159\u016f \u010di no\u010dn\u00ed radov\u00e1nky n\u011bkter\u00fdch dal\u0161\u00edch i mlad\u0161\u00edch hr\u00e1\u010d\u016f k\u00e1dru.\t\u00a0\tVeden\u00ed klubu se shodlo na tom, \u017ee v\u0161echny kroky, kter\u00e9 maj\u00ed v pl\u00e1nu prov\u00e1d\u011bt maj\u00ed jednozna\u010dn\u011b, a hlavn\u011b za c\u00edl zlep\u0161it sportovn\u00ed v\u00fdsledky klubu, ale tak\u00e9 pohled fanou\u0161k\u016f a ve\u0159ejnosti na organizaci jako takovou.\t\u00a0                                                                                                                                                                                                                                                                                                                                                                                        3.9\/5 - (7 votes)        "},{"@context":"https:\/\/schema.org\/","@type":"BreadcrumbList","itemListElement":[{"@type":"ListItem","position":1,"name":"HC Dynamo se chce zm\u011bnit!","item":"https:\/\/www.airkiss.cz\/hc-dynamo-se-chce-zmenit\/#breadcrumbitem"}]}]