[{"@context":"https:\/\/schema.org\/","@type":"Article","@id":"https:\/\/www.airkiss.cz\/modni-uklid\/#Article","mainEntityOfPage":"https:\/\/www.airkiss.cz\/modni-uklid\/","headline":"M\u00f3dn\u00ed \u00faklid","name":"M\u00f3dn\u00ed \u00faklid","description":"A taky trochu uklidit a prov\u011btrat. Dobr\u00e9 \u0159e\u0161en\u00ed je \u0161atna. M\u00e1me &ndash; li doma dostatek m\u00edsta, nen\u00ed co rozm\u00fd\u0161let a zbyte\u010dn\u011b v\u00e1hat s jej\u00edm po\u0159\u00edzen\u00edm. &nbsp; St\u00e1le dob\u0159e uklizen\u00e1 \u0160atna je samoz\u0159ejm\u011b mnohem prostorn\u011bj\u0161\u00ed a prakti\u010dt\u011bj\u0161\u00ed. D\u00e1v\u00e1 n\u00e1m v\u00edce \u00falo\u017en\u00e9ho prostoru a je obvykle \u0159e\u0161ena tak, \u017ee je snadno p\u0159\u00edstupn\u00e1","datePublished":"2018-08-06","dateModified":"2023-05-09","author":{"@type":"Person","@id":"https:\/\/www.airkiss.cz\/author\/#Person","name":"","url":"https:\/\/www.airkiss.cz\/author\/","identifier":1,"image":{"@type":"ImageObject","@id":"https:\/\/secure.gravatar.com\/avatar\/c4e504508c75b610a351629e223ddd0c5b7858df84b2b7deedc4e007bdf99fc8?s=96&d=mm&r=g","url":"https:\/\/secure.gravatar.com\/avatar\/c4e504508c75b610a351629e223ddd0c5b7858df84b2b7deedc4e007bdf99fc8?s=96&d=mm&r=g","height":96,"width":96}},"publisher":{"@type":"Organization","name":"airkiss.cz","logo":{"@type":"ImageObject","@id":"\/logo.png","url":"\/logo.png","width":600,"height":60}},"image":{"@type":"ImageObject","@id":"https:\/\/www.airkiss.cz\/wp-content\/uploads\/img_a323679_w2113_t1535399838.jpg","url":"https:\/\/www.airkiss.cz\/wp-content\/uploads\/img_a323679_w2113_t1535399838.jpg","height":0,"width":0},"url":"https:\/\/www.airkiss.cz\/modni-uklid\/","about":["Produkty"],"wordCount":487,"articleBody":"A taky trochu uklidit a prov\u011btrat. Dobr\u00e9 \u0159e\u0161en\u00ed je \u0161atna. M\u00e1me &ndash; li doma dostatek m\u00edsta, nen\u00ed co rozm\u00fd\u0161let a zbyte\u010dn\u011b v\u00e1hat s jej\u00edm po\u0159\u00edzen\u00edm.&nbsp;St\u00e1le dob\u0159e uklizen\u00e1\u0160atna je samoz\u0159ejm\u011b mnohem prostorn\u011bj\u0161\u00ed a prakti\u010dt\u011bj\u0161\u00ed. D\u00e1v\u00e1 n\u00e1m v\u00edce \u00falo\u017en\u00e9ho prostoru a je obvykle \u0159e\u0161ena tak, \u017ee je snadno p\u0159\u00edstupn\u00e1 a p\u0159itom dob\u0159e ukryt\u00e1. Ale i majitel\u00e9 \u0161atny ji mus\u00ed ob\u010das uklidit a v\u011bci v n\u00ed p\u0159et\u0159\u00eddit, n\u011b\u010deho se zbavit. Jinak by z velk\u00e9 \u0161atny m\u011bli velk\u00e9 \u0161pinav\u00e9 skladi\u0161t\u011b.&nbsp;Star\u00e9 uvoln\u00ed m\u00edsto nov\u00e9muA\u0165 u\u017e je to v\u011bt\u0161\u00ed \u010di men\u0161\u00ed sk\u0159\u00ed\u0148 nebo \u0161atna, kdy\u017e ji hezky uklid\u00edme a n\u011b\u010deho star\u00e9ho se p\u0159itom i zbav\u00edme, logicky vytvo\u0159\u00edme v\u00edce voln\u00e9ho prostoru. Ten se pak d\u00e1 samoz\u0159ejm\u011b vyu\u017e\u00edt a naplnit kousky nov\u011bj\u0161\u00edmi a m\u00f3dn\u011bj\u0161\u00edmi! Tento fakt n\u00e1s k t\u00e9to ne p\u0159\u00edli\u0161 obl\u00edben\u00e9 \u010dinnosti m\u016f\u017ee t\u00e9\u017e motivovat. M\u016f\u017eeme se t\u011b\u0161it na odm\u011bnu v podob\u011b n\u011b\u010deho hezk\u00e9ho, co si pak budeme s radost\u00ed vyb\u00edrat, zkou\u0161et a do kr\u00e1sn\u011b p\u0159erovnan\u00e9ho \u0161atn\u00edku snadno ukl\u00e1dat.&nbsp;Na co p\u0159i \u00faklidu m\u00f3dy st\u00e1le myslet!&middot;&nbsp;&nbsp;&nbsp;&nbsp;&nbsp;&nbsp;&nbsp; nemus\u00edme hned vyhodit v\u0161e, co pr\u00e1v\u011b nem\u00e1 barvu, st\u0159ih a vzor kter\u00fd je zrovna tuto sez\u00f3nu &bdquo;in&ldquo;, kdy\u017e n\u00e1m oble\u010den\u00ed sed\u00ed, slu\u0161\u00ed a r\u00e1di ho nos\u00edme, bylo by ur\u010dit\u011b velkou chybou se ho zbavovat&middot;&nbsp;&nbsp;&nbsp;&nbsp;&nbsp;&nbsp;&nbsp; n\u011bco jin\u00e9ho jsou v\u011bci, kter\u00e9 jsme nem\u011bli na sob\u011b u\u017e dlouho, oble\u010den\u00ed, co jsme &bdquo;neprov\u011btrali&ldquo; ji\u017e rok a v\u00edce u\u017e s nejv\u011bt\u0161\u00ed pravd\u011bpodobnost\u00ed ani nikdy nosit nebudeme a m\u016f\u017eeme se ho klidn\u011b zbavit&middot;&nbsp;&nbsp;&nbsp;&nbsp;&nbsp;&nbsp;&nbsp; to plat\u00ed i o kousc\u00edch, jejich\u017e velikost je mal\u00e1, nesed\u00ed n\u00e1m, takov\u00e9 je t\u00e9\u017e na \u010dase je z na\u0161\u00ed &bdquo;garder\u00f3by&ldquo; vy\u0159adit&middot;&nbsp;&nbsp;&nbsp;&nbsp;&nbsp;&nbsp;&nbsp; ur\u010dit\u011b nevyhazujeme nad\u010dasov\u00e9 modely (tedy pokud se do nich vejdeme), jako jsou klasick\u00e9 &bdquo;mal\u00e9 \u010dern\u00e9&ldquo; \u0161aty neboli &bdquo;koktejlov\u00e9&ldquo; \u0161aty, ale i klasiku jako b\u00edl\u00e9 ko\u0161ile nebo obl\u00edben\u00e9 d\u017e\u00edny&nbsp;Dopl\u0148kyStejn\u00e9 je to i s na\u0161imi kabelkami r\u016fzn\u00fdch tvar\u016f a velikost\u00ed, mnoha p\u00e1ry bot, p\u00e1sky i jin\u00fdmi dopl\u0148ky. Samoz\u0159ejm\u011b asi by byla hloupost vyhazovat zna\u010dkovou drahou kabelku nebo lodi\u010dky! Ale pro\u010d se nezbavit star\u00fdch, opot\u0159ebovan\u00fdch v\u011bc\u00ed, kter\u00e9 jen zab\u00edraj\u00ed pot\u0159ebn\u00e9 m\u00edsto?                                                                                                                                                                                                                                                                                                                                                                                        4.5\/5 - (6 votes)        "},{"@context":"https:\/\/schema.org\/","@type":"BreadcrumbList","itemListElement":[{"@type":"ListItem","position":1,"name":"M\u00f3dn\u00ed \u00faklid","item":"https:\/\/www.airkiss.cz\/modni-uklid\/#breadcrumbitem"}]}]